{"id":2892,"date":"2022-04-01T18:23:09","date_gmt":"2022-04-01T16:23:09","guid":{"rendered":"http:\/\/osterspiele.it\/sterzing\/?p=2892"},"modified":"2025-02-27T17:21:24","modified_gmt":"2025-02-27T15:21:24","slug":"gemeinsam-fuer-den-frieden","status":"publish","type":"post","link":"https:\/\/osterspiele.it\/sterzing\/gemeinsam-fuer-den-frieden\/","title":{"rendered":"Gemeinsam f\u00fcr den Frieden"},"content":{"rendered":"<div id=\"pl-2892\"  class=\"panel-layout\" >\n<div id=\"pg-2892-0\"  class=\"panel-grid panel-no-style\" >\n<div id=\"pgc-2892-0-0\"  class=\"panel-grid-cell\"  data-weight=\"0.5\" >\n<div id=\"panel-2892-0-0-0\" class=\"so-panel widget widget_text panel-first-child panel-last-child\" data-index=\"0\" data-style=\"{&quot;background_image_attachment&quot;:false,&quot;background_display&quot;:&quot;tile&quot;}\" >\n<div class=\"textwidget\">\n<div class='et-box et-info'>\n<div class='et-box-content'>\n<h2>Sonntag, 10.04.2022<\/h2>\n<p>Stadttheater Sterzing<br \/>\nBeginn: 15:30 Uhr<\/p>\n<\/div>\n<\/div>\n<\/div><\/div>\n<\/div>\n<div id=\"pgc-2892-0-1\"  class=\"panel-grid-cell\"  data-weight=\"0.5\" >\n<div id=\"panel-2892-0-1-0\" class=\"so-panel widget widget_text panel-first-child panel-last-child\" data-index=\"1\" data-style=\"{&quot;background_image_attachment&quot;:false,&quot;background_display&quot;:&quot;tile&quot;}\" >\n<div class=\"textwidget\">\n<p>Beginn 15:30 Uhr<br \/>\nMalaktion vor dem Stadttheater Sterzing.<br \/>\nFreiwillige Spende zugunsten der Nothilfe f\u00fcr die Ukraine.<\/p>\n<\/div><\/div>\n<\/div>\n<\/div>\n<div id=\"pg-2892-1\"  class=\"panel-grid panel-no-style\"  data-style=\"{&quot;background_image_attachment&quot;:false,&quot;background_display&quot;:&quot;tile&quot;,&quot;cell_alignment&quot;:&quot;flex-start&quot;}\"  data-ratio=\"1\"  data-ratio-direction=\"right\" >\n<div id=\"pgc-2892-1-0\"  class=\"panel-grid-cell\"  data-weight=\"1\" >\n<div id=\"panel-2892-1-0-0\" class=\"so-panel widget widget_text panel-first-child\" data-index=\"2\" data-style=\"{&quot;background_image_attachment&quot;:false,&quot;background_display&quot;:&quot;tile&quot;}\" >\n<h3 class=\"widget-title\">Programm<\/h3>\n<div class=\"textwidget\">\n<p><strong>Er\u00f6ffnung<\/strong><br \/>\n17:00 &#8211; 18.00 Uhr<br \/>\n&#8211; Gru\u00dfworte<br \/>\n&#8211; Friedenszeichen legen<br \/>\n&#8211; Schulband Mittelschule Gossensa\u00df<\/p>\n<p><strong>MUSIKALISCHE-, SZENISCHE-, LITERARISCHE DARBIETUNGEN<\/strong><br \/>\n<strong>ab 18:00 Uhr<\/strong><br \/>\n&#8211; Kinderg\u00e4rten des Wipptals<br \/>\n&#8211; Polo Scolastico Alexander Langer<br \/>\n&#8211; Oberschulzentrum Sterzing<br \/>\n&#8211; S\u00e4ngerinnen Jugenddienst Wipptal<br \/>\n&#8211; Frauenchor \u201eLaudamus\u201c<br \/>\n&#8211; Dankesworte<\/p>\n<p><strong>AUSKLANG \/ CONCLUSIONE<\/strong><br \/>\n<strong>ab 19:30 Uhr<\/strong><br \/>\n-Band \u201eMarion Moroder\u201c<br \/>\n&#8211; Ausstellung von Bildern der Kinder, Sch\u00fclerinnen + Sch\u00fcler<\/p>\n<\/div><\/div>\n<div id=\"panel-2892-1-0-1\" class=\"so-panel widget widget_text\" data-index=\"3\" data-style=\"{&quot;background_image_attachment&quot;:false,&quot;background_display&quot;:&quot;tile&quot;}\" >\n<h3 class=\"widget-title\">Benefizkonzert<\/h3>\n<div class=\"textwidget\">\n<p>Eine Benefizveranstaltung zugunsten der Menschen in der Ukraine. In einer Zeit, in der alle das Ende der Einschr\u00e4nkungen durch die Pandemie herbeisehnten, \u00fcberraschten uns die Ereignisse in der Ukraine. Eine spontane Idee fand nach kurzer R\u00fccksprache mit den Direktoren der Schulen und Kinderg\u00e4rten im Wipptal und der Stadtverwaltung eine breite Zustimmung. \u00dcber die Generationen und Sprachgruppen hinweg m\u00f6chten wir aus aktuellem Anlass ein gemeinsames Zeichen f\u00fcr den Frieden setzen. Hinzu gesellte sich zun\u00e4chst der Jugenddienst und der Sozialsprengel Wipptal. Die Sterzinger Osterspiele boten sich als Rahmen an, das Stadttheater als Veranstaltungsort. Das Eltern-Kind Zentrum ELKI, die Kinderfreunde S\u00fcdtirol, die Tagesgruppe \u201eWiKids\u201c vom Verein La Strada-der Weg und der Verein f\u00fcr Kinderspielpl\u00e4tze VKE sagten ebenfalls ihre Unterst\u00fctzung zu.<\/p>\n<\/div><\/div>\n<div id=\"panel-2892-1-0-2\" class=\"so-panel widget widget_text panel-last-child\" data-index=\"4\" data-style=\"{&quot;background_image_attachment&quot;:false,&quot;background_display&quot;:&quot;tile&quot;}\" >\n<h3 class=\"widget-title\">Fotos<\/h3>\n<div class=\"textwidget\">\n<p><!-- index.php --><\/p>\n<div\n\tclass=\"ngg-galleryoverview ngg-ajax-pagination-none\"\n\tid=\"ngg-gallery-1361c54da10ddd21e0fbac57abbf0a98-1\"><\/p>\n<p>    \t\t<!-- Thumbnails --><\/p>\n<div id=\"ngg-image-0\" class=\"ngg-gallery-thumbnail-box\" >\n<div class=\"ngg-gallery-thumbnail\">\n            <a href=\"http:\/\/osterspiele.it\/sterzing\/wp-content\/gallery\/friedenskonzert\/friedenskonzert-sterzing.jpg\"\n               title=\"\"\n               data-src=\"http:\/\/osterspiele.it\/sterzing\/wp-content\/gallery\/friedenskonzert\/friedenskonzert-sterzing.jpg\"\n               data-thumbnail=\"http:\/\/osterspiele.it\/sterzing\/wp-content\/gallery\/friedenskonzert\/thumbs\/thumbs_friedenskonzert-sterzing.jpg\"\n               data-image-id=\"152\"\n               data-title=\"friedenskonzert-sterzing\"\n               data-description=\"\"\n               data-image-slug=\"friedenskonzert-sterzing\"\n               class=\"ngg-fancybox\" rel=\"1361c54da10ddd21e0fbac57abbf0a98\"><br \/>\n                <img loading=\"lazy\" decoding=\"async\" loading=\"lazy\"\n                    title=\"friedenskonzert-sterzing\"\n                    alt=\"friedenskonzert-sterzing\"\n                    src=\"http:\/\/osterspiele.it\/sterzing\/wp-content\/gallery\/friedenskonzert\/thumbs\/thumbs_friedenskonzert-sterzing.jpg\"\n                    width=\"200\"\n                    height=\"150\"\n                    style=\"max-width:100%;\"\n                \/><br \/>\n            <\/a>\n        <\/div>\n<\/p>\n<\/div>\n<p>\t\t<!-- Pagination --><\/p>\n<div class='ngg-clear'><\/div>\n<\/p>\n<\/div>\n<\/div><\/div>\n<\/div>\n<\/div>\n<\/div>\n","protected":false},"excerpt":{"rendered":"<p>Sonntag, 10.04.2022<br \/>\nStadttheater Sterzing<\/p>\n","protected":false},"author":1,"featured_media":2894,"comment_status":"closed","ping_status":"open","sticky":false,"template":"","format":"standard","meta":{"_mo_disable_npp":"","ngg_post_thumbnail":0,"footnotes":""},"categories":[126],"tags":[],"class_list":["post-2892","post","type-post","status-publish","format-standard","has-post-thumbnail","hentry","category-126"],"publishpress_future_action":{"enabled":false,"date":"2026-05-10 09:52:09","action":"change-status","newStatus":"draft","terms":[],"taxonomy":"category","extraData":[]},"publishpress_future_workflow_manual_trigger":{"enabledWorkflows":[]},"_links":{"self":[{"href":"https:\/\/osterspiele.it\/sterzing\/wp-json\/wp\/v2\/posts\/2892","targetHints":{"allow":["GET"]}}],"collection":[{"href":"https:\/\/osterspiele.it\/sterzing\/wp-json\/wp\/v2\/posts"}],"about":[{"href":"https:\/\/osterspiele.it\/sterzing\/wp-json\/wp\/v2\/types\/post"}],"author":[{"embeddable":true,"href":"https:\/\/osterspiele.it\/sterzing\/wp-json\/wp\/v2\/users\/1"}],"replies":[{"embeddable":true,"href":"https:\/\/osterspiele.it\/sterzing\/wp-json\/wp\/v2\/comments?post=2892"}],"version-history":[{"count":4,"href":"https:\/\/osterspiele.it\/sterzing\/wp-json\/wp\/v2\/posts\/2892\/revisions"}],"predecessor-version":[{"id":3037,"href":"https:\/\/osterspiele.it\/sterzing\/wp-json\/wp\/v2\/posts\/2892\/revisions\/3037"}],"wp:featuredmedia":[{"embeddable":true,"href":"https:\/\/osterspiele.it\/sterzing\/wp-json\/wp\/v2\/media\/2894"}],"wp:attachment":[{"href":"https:\/\/osterspiele.it\/sterzing\/wp-json\/wp\/v2\/media?parent=2892"}],"wp:term":[{"taxonomy":"category","embeddable":true,"href":"https:\/\/osterspiele.it\/sterzing\/wp-json\/wp\/v2\/categories?post=2892"},{"taxonomy":"post_tag","embeddable":true,"href":"https:\/\/osterspiele.it\/sterzing\/wp-json\/wp\/v2\/tags?post=2892"}],"curies":[{"name":"wp","href":"https:\/\/api.w.org\/{rel}","templated":true}]}}